{"id":1313,"date":"2019-06-07T13:47:05","date_gmt":"2019-06-07T12:47:05","guid":{"rendered":"http:\/\/esperanto.pl\/?p=1313"},"modified":"2022-10-19T23:48:12","modified_gmt":"2022-10-19T22:48:12","slug":"gxenerala-kunsido-de-pea","status":"publish","type":"post","link":"https:\/\/esperanto.pl\/pl\/2019\/06\/07\/gxenerala-kunsido-de-pea","title":{"rendered":"Walne Zgromadzenie Polskiego Zwi\u0105zku Esperantyst\u00f3w"},"content":{"rendered":"<p>Pomi\u0119dzy 31 maja a 2 czerwca 2019 odby\u0142 si\u0119 w \u0141ochowie 38 Polski Kongres Esperancki.<\/p>\n<p>W czasie ostatniego dnia Kongresu, 2 czerwca 2019 cz\u0142onkowie Polskiego Zwi\u0105zku Esperantyst\u00f3w mieli Walne Zgromadzenie. Bardzo wa\u017cne wydarzenie, bo opr\u00f3cz wymaganych prawem ka\u017cdego roku decyzji, Walne Zgromadzenie musia\u0142o wybra\u0107 nowe w\u0142adze Zwi\u0105zku.<\/p>\n<p>W Walnym Zgromadzeniu uczestniczy\u0142o 29 cz\u0142onk\u00f3w PZE, a 27 os\u00f3b chcia\u0142o g\u0142osowa\u0107. Prawie jednog\u0142o\u015bnie wybrano nowy Zarz\u0105d G\u0142\u00f3wny PZE. Oto nasi nowi przyw\u00f3dcy:<\/p>\n<p>1) Robert Kami\u0144ski &#8211; przewodnicz\u0105cy<\/p>\n<p>2) Agnieszka Mozer &#8211; wiceprzewodnicz\u0105ca<\/p>\n<p>3) Zofia \u015amistek &#8211; sekretarz generalny<\/p>\n<p>4) Alina Mozer &#8211; skarbniczka<\/p>\n<p>5) Marek Mazurkiewicz &#8211; cz\u0142onek<\/p>\n<p>Tak\u017ce wybrano G\u0142\u00f3wn\u0105 Komisj\u0119 Rewizyjn\u0105. Oto ta Komisja:<\/p>\n<p>1) Halina F\u00fcchsel &#8211; przewodnicz\u0105ca<\/p>\n<p>2) \u015awi\u0119tos\u0142aw Fortuna &#8211; cz\u0142onek<\/p>\n<p>3) Zbigniew Kowalski &#8211; cz\u0142onek.<\/p>\n<p>Ja, jako by\u0142y przewodnicz\u0105cy PZE serdecznie gratuluj\u0119 nowo wybranym osobom i \u017cycz\u0119 sukces\u00f3w. Jestem pewny, \u017ce sukcesy przyjd\u0105.<\/p>\n<p style=\"text-align: right;\"><em>Aleksander Zdechlik<\/em><\/p>\n","protected":false},"excerpt":{"rendered":"<p>Pomi\u0119dzy 31 maja a 2 czerwca 2019 odby\u0142 si\u0119 w \u0141ochowie 38 Polski Kongres Esperancki.<\/p>\n","protected":false},"author":8,"featured_media":0,"comment_status":"closed","ping_status":"open","sticky":false,"template":"","format":"standard","meta":{"footnotes":""},"categories":[75],"tags":[],"class_list":["post-1313","post","type-post","status-publish","format-standard","hentry","category-pea"],"translation":{"provider":"WPGlobus","version":"3.0.1","language":"pl","enabled_languages":["eo","pl"],"languages":{"eo":{"title":true,"content":true,"excerpt":false},"pl":{"title":true,"content":true,"excerpt":false}}},"aioseo_notices":[],"_links":{"self":[{"href":"https:\/\/esperanto.pl\/pl\/wp-json\/wp\/v2\/posts\/1313","targetHints":{"allow":["GET"]}}],"collection":[{"href":"https:\/\/esperanto.pl\/pl\/wp-json\/wp\/v2\/posts"}],"about":[{"href":"https:\/\/esperanto.pl\/pl\/wp-json\/wp\/v2\/types\/post"}],"author":[{"embeddable":true,"href":"https:\/\/esperanto.pl\/pl\/wp-json\/wp\/v2\/users\/8"}],"replies":[{"embeddable":true,"href":"https:\/\/esperanto.pl\/pl\/wp-json\/wp\/v2\/comments?post=1313"}],"version-history":[{"count":3,"href":"https:\/\/esperanto.pl\/pl\/wp-json\/wp\/v2\/posts\/1313\/revisions"}],"predecessor-version":[{"id":3252,"href":"https:\/\/esperanto.pl\/pl\/wp-json\/wp\/v2\/posts\/1313\/revisions\/3252"}],"wp:attachment":[{"href":"https:\/\/esperanto.pl\/pl\/wp-json\/wp\/v2\/media?parent=1313"}],"wp:term":[{"taxonomy":"category","embeddable":true,"href":"https:\/\/esperanto.pl\/pl\/wp-json\/wp\/v2\/categories?post=1313"},{"taxonomy":"post_tag","embeddable":true,"href":"https:\/\/esperanto.pl\/pl\/wp-json\/wp\/v2\/tags?post=1313"}],"curies":[{"name":"wp","href":"https:\/\/api.w.org\/{rel}","templated":true}]}}