{"id":1359,"date":"2019-09-17T18:15:10","date_gmt":"2019-09-17T17:15:10","guid":{"rendered":"http:\/\/esperanto.pl\/?p=1359"},"modified":"2022-10-19T23:05:05","modified_gmt":"2022-10-19T22:05:05","slug":"forpasis-irena-lowinska","status":"publish","type":"post","link":"https:\/\/esperanto.pl\/pl\/2019\/09\/17\/forpasis-irena-lowinska","title":{"rendered":"Zmar\u0142a Irena \u0141owi\u0144ska"},"content":{"rendered":"<p>Irena \u0141owi\u0144ska zmar\u0142a 10 wrze\u015bnia 2019. Pogrzeb odb\u0119dzie si\u0119 w \u015brod\u0119, 18 wrze\u015bnia 2019 o 15:05 w kaplicy \u015bw. Ingacego przy ko\u015bciele na W\u00f3lce W\u0119glowej w Warszawie.<\/p>\n<p>Irena by\u0142a zas\u0142u\u017con\u0105, aktywn\u0105 warszawsk\u0105 esperantystk\u0105, t\u0142umaczy\u0142a piosenki, poezje i inne teksty, naucza\u0142a esperanta, prowadzi\u0142a kursy, by\u0142a redaktork\u0105 wydawnictwa Pola Stelo przez 13 lat.<\/p>\n","protected":false},"excerpt":{"rendered":"<p>Irena \u0141owi\u0144ska zmar\u0142a 10 wrze\u015bnia 2019. Pogrzeb odb\u0119dzie si\u0119 w \u015brod\u0119, 18 wrze\u015bnia 2019 o<\/p>\n","protected":false},"author":8,"featured_media":0,"comment_status":"closed","ping_status":"open","sticky":false,"template":"","format":"standard","meta":{"footnotes":""},"categories":[79],"tags":[],"class_list":["post-1359","post","type-post","status-publish","format-standard","hentry","category-porpasis"],"translation":{"provider":"WPGlobus","version":"3.0.1","language":"pl","enabled_languages":["eo","pl"],"languages":{"eo":{"title":true,"content":true,"excerpt":false},"pl":{"title":true,"content":true,"excerpt":false}}},"aioseo_notices":[],"_links":{"self":[{"href":"https:\/\/esperanto.pl\/pl\/wp-json\/wp\/v2\/posts\/1359","targetHints":{"allow":["GET"]}}],"collection":[{"href":"https:\/\/esperanto.pl\/pl\/wp-json\/wp\/v2\/posts"}],"about":[{"href":"https:\/\/esperanto.pl\/pl\/wp-json\/wp\/v2\/types\/post"}],"author":[{"embeddable":true,"href":"https:\/\/esperanto.pl\/pl\/wp-json\/wp\/v2\/users\/8"}],"replies":[{"embeddable":true,"href":"https:\/\/esperanto.pl\/pl\/wp-json\/wp\/v2\/comments?post=1359"}],"version-history":[{"count":1,"href":"https:\/\/esperanto.pl\/pl\/wp-json\/wp\/v2\/posts\/1359\/revisions"}],"predecessor-version":[{"id":3247,"href":"https:\/\/esperanto.pl\/pl\/wp-json\/wp\/v2\/posts\/1359\/revisions\/3247"}],"wp:attachment":[{"href":"https:\/\/esperanto.pl\/pl\/wp-json\/wp\/v2\/media?parent=1359"}],"wp:term":[{"taxonomy":"category","embeddable":true,"href":"https:\/\/esperanto.pl\/pl\/wp-json\/wp\/v2\/categories?post=1359"},{"taxonomy":"post_tag","embeddable":true,"href":"https:\/\/esperanto.pl\/pl\/wp-json\/wp\/v2\/tags?post=1359"}],"curies":[{"name":"wp","href":"https:\/\/api.w.org\/{rel}","templated":true}]}}