{"id":1487,"date":"2019-12-27T21:12:13","date_gmt":"2019-12-27T20:12:13","guid":{"rendered":"http:\/\/esperanto.pl\/?p=1487"},"modified":"2023-08-13T01:23:46","modified_gmt":"2023-08-13T00:23:46","slug":"kristoforo-kolombo-historio-eksterordinara","status":"publish","type":"post","link":"https:\/\/esperanto.pl\/pl\/2019\/12\/27\/kristoforo-kolombo-historio-eksterordinara","title":{"rendered":"Krzysztof Kolumb &#8211; historia niezwyk\u0142a"},"content":{"rendered":"<p>W grudniu 2019 wydana zosta\u0142a ksi\u0105\u017cka \u201cKrzysztof Kolumb &#8211; historia niezwyk\u0142a\u201d. Autor, Adam G\u00f3ralski, by\u0142 esperantyst\u0105, mi\u0119dzy innymi honorowym cz\u0142onkiem UEA. Ksi\u0105\u017cka, mimo i\u017c g\u0142\u00f3wnie w spos\u00f3b nietypowy opowiada histori\u0119 Krzysztofa Kolumba, zawiera tak\u017ce odniesienia do esperanta. Rynkowa cena to 39.99 z\u0142 &#8211; cz\u0142onkowie PZE b\u0119d\u0105 mogli j\u0105 jednak naby\u0107 w cenie 25 z\u0142. Ksi\u0105\u017cka jest w j\u0119zyku polskim, wydawnictwo gotowe jest jednak wyda\u0107 tak\u017ce wersj\u0119 esperancko-j\u0119zyczn\u0105, je\u015bli tylko b\u0119dzie zainteresowanie. Czy kto\u015b zainteresowany jest ukazaniem si\u0119 tej pozycji tak\u017ce w esperanto?<\/p>\n<p><a href=\"http:\/\/kaemka.pl\" target=\"_blank\" rel=\"noopener\">Strona oficjalna ksi\u0105\u017cki<\/a><\/p>\n","protected":false},"excerpt":{"rendered":"<p>W grudniu 2019 wydana zosta\u0142a ksi\u0105\u017cka \u201cKrzysztof Kolumb &#8211; historia niezwyk\u0142a\u201d. Autor, Adam G\u00f3ralski, by\u0142<\/p>\n","protected":false},"author":6,"featured_media":0,"comment_status":"closed","ping_status":"open","sticky":false,"template":"","format":"standard","meta":{"footnotes":""},"categories":[51,56],"tags":[],"class_list":["post-1487","post","type-post","status-publish","format-standard","hentry","category-aktuale","category-eldonajxo"],"translation":{"provider":"WPGlobus","version":"3.0.1","language":"pl","enabled_languages":["eo","pl"],"languages":{"eo":{"title":true,"content":true,"excerpt":false},"pl":{"title":true,"content":true,"excerpt":false}}},"aioseo_notices":[],"_links":{"self":[{"href":"https:\/\/esperanto.pl\/pl\/wp-json\/wp\/v2\/posts\/1487","targetHints":{"allow":["GET"]}}],"collection":[{"href":"https:\/\/esperanto.pl\/pl\/wp-json\/wp\/v2\/posts"}],"about":[{"href":"https:\/\/esperanto.pl\/pl\/wp-json\/wp\/v2\/types\/post"}],"author":[{"embeddable":true,"href":"https:\/\/esperanto.pl\/pl\/wp-json\/wp\/v2\/users\/6"}],"replies":[{"embeddable":true,"href":"https:\/\/esperanto.pl\/pl\/wp-json\/wp\/v2\/comments?post=1487"}],"version-history":[{"count":2,"href":"https:\/\/esperanto.pl\/pl\/wp-json\/wp\/v2\/posts\/1487\/revisions"}],"predecessor-version":[{"id":3240,"href":"https:\/\/esperanto.pl\/pl\/wp-json\/wp\/v2\/posts\/1487\/revisions\/3240"}],"wp:attachment":[{"href":"https:\/\/esperanto.pl\/pl\/wp-json\/wp\/v2\/media?parent=1487"}],"wp:term":[{"taxonomy":"category","embeddable":true,"href":"https:\/\/esperanto.pl\/pl\/wp-json\/wp\/v2\/categories?post=1487"},{"taxonomy":"post_tag","embeddable":true,"href":"https:\/\/esperanto.pl\/pl\/wp-json\/wp\/v2\/tags?post=1487"}],"curies":[{"name":"wp","href":"https:\/\/api.w.org\/{rel}","templated":true}]}}