{"id":1738,"date":"2020-04-22T10:08:21","date_gmt":"2020-04-22T09:08:21","guid":{"rendered":"http:\/\/esperanto.pl\/?p=1738"},"modified":"2022-10-19T23:41:43","modified_gmt":"2022-10-19T22:41:43","slug":"nova-tempo-de-esperanto-kongreso","status":"publish","type":"post","link":"https:\/\/esperanto.pl\/pl\/2020\/04\/22\/nova-tempo-de-esperanto-kongreso","title":{"rendered":"Nowy termin Polsko Niemieckiego Kongresu Esperanckiego Frankfurt \u2013 S\u0142ubice"},"content":{"rendered":"<p class=\"western\" align=\"justify\"><span style=\"font-size: medium;\">Szanowni Kole\u017canki i Koledzy<\/span><\/p>\n<p class=\"western\" align=\"justify\"><span style=\"font-size: medium;\">Po d\u0142ugiej dyskusji Polski Zwi\u0105zek Esperantyst\u00f3w i Niemiecki Zwi\u0105zek Esperantyst\u00f3w z powodu pandemii kornawirusa, zdecydowali zmieni\u0107 termin planowanego Polsko Niemieckiego Kongresu Esperanckiego Frankfurt \u2013 S\u0142ubice (29.05 \u2013 5.06.2020, plus dodatkowe dni do 27 maja dla kongresu kolejarzy) i zorganizowa\u0107 kongres w roku 2021.<\/span><\/p>\n<p class=\"western\" align=\"justify\"><span style=\"font-size: medium;\">Wykonali\u015bmy<\/span><span style=\"font-size: medium;\"> ju\u017c wi\u0119ksz\u0105 cz\u0119\u015b\u0107 prac przy programie. Mamy koncepcj\u0119 co chcemy zrobi\u0107 i warunki organizacji s<\/span><span style=\"font-size: medium;\">\u0105<\/span><span style=\"font-size: medium;\"> ustalone. <\/span><span style=\"font-size: medium;\"><i>Collegium Polonicum<\/i><\/span><span style=\"font-size: medium;\"> w S\u0142ubicach i <\/span><span style=\"font-size: medium;\"><i>Uniwersytet Viadrina<\/i><\/span><span style=\"font-size: medium;\"> we Frankfurcie s\u0105 gotowe przyj\u0105\u0107 kongres w 2021.<\/span><\/p>\n<p class=\"western\" align=\"justify\"><span style=\"font-size: medium;\">Dok\u0142adna data kongresu nie zosta\u0142a jeszcze ustalona. (Prawdopodobnie kongres odb\u0119dzie si\u0119 w dniach 21-23 maja 2021). Op\u0142ata kongresowa dla os\u00f3b z Polski nie wzro\u015bnie i nie przekroczy 45 Euro. (niezale\u017cnie od przysz\u0142orocznej ceny Euro). Z tego powodu PZE proponuje uczestnikom kongresu pozostawienie wp\u0142aty kongresowej na koncie PZE. <\/span><span style=\"font-size: medium;\">Je\u015bli kto\u015b nie chce tego zrobi\u0107, mo\u017ce otrzyma\u0107 zwrot pieni\u0119dzy.<\/span><\/p>\n<p class=\"western\" align=\"justify\"><span style=\"font-size: medium;\">Termin obowi\u0105zkowego Walnego Zgromadzenia PZE z powodu pandemii zosta\u0142 przesuni\u0119ty o trzy miesi\u0105ce &#8211; powinno si\u0119 ono odby\u0107 do ko\u0144ca wrze\u015bnia. O organizacji WZ poinformujemy w oddzielnym komunikacie.<\/span><\/p>\n<p class=\"western\" align=\"justify\"><span style=\"font-size: medium;\">W imieniu Zarz\u0105du G\u0142\u00f3wnego PZE<\/span><\/p>\n<p class=\"western\" align=\"justify\"><span style=\"font-size: medium;\">Robert Kami\u0144ski, przewodnicz\u0105cy <\/span><\/p>\n","protected":false},"excerpt":{"rendered":"<p>Szanowni Kole\u017canki i Koledzy Po d\u0142ugiej dyskusji Polski Zwi\u0105zek Esperantyst\u00f3w i Niemiecki Zwi\u0105zek Esperantyst\u00f3w z<\/p>\n","protected":false},"author":11,"featured_media":0,"comment_status":"closed","ping_status":"open","sticky":false,"template":"","format":"standard","meta":{"footnotes":""},"categories":[76],"tags":[],"class_list":["post-1738","post","type-post","status-publish","format-standard","hentry","category-pek"],"translation":{"provider":"WPGlobus","version":"3.0.1","language":"pl","enabled_languages":["eo","pl"],"languages":{"eo":{"title":true,"content":true,"excerpt":false},"pl":{"title":true,"content":true,"excerpt":false}}},"aioseo_notices":[],"_links":{"self":[{"href":"https:\/\/esperanto.pl\/pl\/wp-json\/wp\/v2\/posts\/1738","targetHints":{"allow":["GET"]}}],"collection":[{"href":"https:\/\/esperanto.pl\/pl\/wp-json\/wp\/v2\/posts"}],"about":[{"href":"https:\/\/esperanto.pl\/pl\/wp-json\/wp\/v2\/types\/post"}],"author":[{"embeddable":true,"href":"https:\/\/esperanto.pl\/pl\/wp-json\/wp\/v2\/users\/11"}],"replies":[{"embeddable":true,"href":"https:\/\/esperanto.pl\/pl\/wp-json\/wp\/v2\/comments?post=1738"}],"version-history":[{"count":2,"href":"https:\/\/esperanto.pl\/pl\/wp-json\/wp\/v2\/posts\/1738\/revisions"}],"predecessor-version":[{"id":3217,"href":"https:\/\/esperanto.pl\/pl\/wp-json\/wp\/v2\/posts\/1738\/revisions\/3217"}],"wp:attachment":[{"href":"https:\/\/esperanto.pl\/pl\/wp-json\/wp\/v2\/media?parent=1738"}],"wp:term":[{"taxonomy":"category","embeddable":true,"href":"https:\/\/esperanto.pl\/pl\/wp-json\/wp\/v2\/categories?post=1738"},{"taxonomy":"post_tag","embeddable":true,"href":"https:\/\/esperanto.pl\/pl\/wp-json\/wp\/v2\/tags?post=1738"}],"curies":[{"name":"wp","href":"https:\/\/api.w.org\/{rel}","templated":true}]}}