{"id":1783,"date":"2020-10-13T18:10:51","date_gmt":"2020-10-13T17:10:51","guid":{"rendered":"http:\/\/esperanto.pl\/?p=1783"},"modified":"2022-10-19T23:00:11","modified_gmt":"2022-10-19T22:00:11","slug":"varsovio-kluba-renkontigxo-2020-10-13","status":"publish","type":"post","link":"https:\/\/esperanto.pl\/pl\/2020\/10\/13\/varsovio-kluba-renkontigxo-2020-10-13","title":{"rendered":"[Warszawa] Spotkanie klubowe 2020-10-13"},"content":{"rendered":"<p>&#8222;Voja\u011do al la Mondofino&#8221; &#8211; film Romana Dobrzy\u0144skiego zaprezentowany przez samego autora okraszony ciekawostkami i wspomnieniami z podr\u00f3\u017cy na przyl\u0105dek Horn i nie tylko.<\/p>\n","protected":false},"excerpt":{"rendered":"<p>&#8222;Voja\u011do al la Mondofino&#8221; &#8211; film Romana Dobrzy\u0144skiego zaprezentowany przez samego autora okraszony ciekawostkami i<\/p>\n","protected":false},"author":6,"featured_media":0,"comment_status":"closed","ping_status":"open","sticky":false,"template":"","format":"standard","meta":{"footnotes":""},"categories":[63],"tags":[],"class_list":["post-1783","post","type-post","status-publish","format-standard","hentry","category-varsovio"],"translation":{"provider":"WPGlobus","version":"3.0.1","language":"pl","enabled_languages":["eo","pl"],"languages":{"eo":{"title":true,"content":true,"excerpt":false},"pl":{"title":true,"content":true,"excerpt":false}}},"aioseo_notices":[],"_links":{"self":[{"href":"https:\/\/esperanto.pl\/pl\/wp-json\/wp\/v2\/posts\/1783","targetHints":{"allow":["GET"]}}],"collection":[{"href":"https:\/\/esperanto.pl\/pl\/wp-json\/wp\/v2\/posts"}],"about":[{"href":"https:\/\/esperanto.pl\/pl\/wp-json\/wp\/v2\/types\/post"}],"author":[{"embeddable":true,"href":"https:\/\/esperanto.pl\/pl\/wp-json\/wp\/v2\/users\/6"}],"replies":[{"embeddable":true,"href":"https:\/\/esperanto.pl\/pl\/wp-json\/wp\/v2\/comments?post=1783"}],"version-history":[{"count":2,"href":"https:\/\/esperanto.pl\/pl\/wp-json\/wp\/v2\/posts\/1783\/revisions"}],"predecessor-version":[{"id":3220,"href":"https:\/\/esperanto.pl\/pl\/wp-json\/wp\/v2\/posts\/1783\/revisions\/3220"}],"wp:attachment":[{"href":"https:\/\/esperanto.pl\/pl\/wp-json\/wp\/v2\/media?parent=1783"}],"wp:term":[{"taxonomy":"category","embeddable":true,"href":"https:\/\/esperanto.pl\/pl\/wp-json\/wp\/v2\/categories?post=1783"},{"taxonomy":"post_tag","embeddable":true,"href":"https:\/\/esperanto.pl\/pl\/wp-json\/wp\/v2\/tags?post=1783"}],"curies":[{"name":"wp","href":"https:\/\/api.w.org\/{rel}","templated":true}]}}