{"id":1890,"date":"2021-03-06T22:21:00","date_gmt":"2021-03-06T21:21:00","guid":{"rendered":"http:\/\/esperanto.pl\/?p=1890"},"modified":"2022-10-19T23:03:02","modified_gmt":"2022-10-19T22:03:02","slug":"pola-esperantisto-1-2021","status":"publish","type":"post","link":"https:\/\/esperanto.pl\/pl\/2021\/03\/06\/pola-esperantisto-1-2021","title":{"rendered":"Pola Esperantisto 1\/2021"},"content":{"rendered":"<p><strong>Numer 1\/2021 de Pola Esperantisto zosta\u0142 wys\u0142any do abonent\u00f3w.<\/strong><\/p>\n<h2><img loading=\"lazy\" decoding=\"async\" class=\"alignnone size-medium wp-image-1893\" src=\"http:\/\/esperanto.pl\/wp-content\/uploads\/2021\/03\/PolaEsperantisto2021N001-00-211x300.jpg\" alt=\"\" width=\"211\" height=\"300\" srcset=\"https:\/\/esperanto.pl\/wp-content\/uploads\/2021\/03\/PolaEsperantisto2021N001-00-211x300.jpg 211w, https:\/\/esperanto.pl\/wp-content\/uploads\/2021\/03\/PolaEsperantisto2021N001-00-719x1024.jpg 719w, https:\/\/esperanto.pl\/wp-content\/uploads\/2021\/03\/PolaEsperantisto2021N001-00-768x1093.jpg 768w, https:\/\/esperanto.pl\/wp-content\/uploads\/2021\/03\/PolaEsperantisto2021N001-00-1079x1536.jpg 1079w, https:\/\/esperanto.pl\/wp-content\/uploads\/2021\/03\/PolaEsperantisto2021N001-00-1439x2048.jpg 1439w, https:\/\/esperanto.pl\/wp-content\/uploads\/2021\/03\/PolaEsperantisto2021N001-00-1568x2232.jpg 1568w, https:\/\/esperanto.pl\/wp-content\/uploads\/2021\/03\/PolaEsperantisto2021N001-00.jpg 1789w\" sizes=\"auto, (max-width: 211px) 100vw, 211px\" \/> <img loading=\"lazy\" decoding=\"async\" class=\"alignnone size-medium wp-image-1892\" src=\"http:\/\/esperanto.pl\/wp-content\/uploads\/2021\/03\/PolaEsperantisto2021N001-01-210x300.jpg\" alt=\"\" width=\"210\" height=\"300\" srcset=\"https:\/\/esperanto.pl\/wp-content\/uploads\/2021\/03\/PolaEsperantisto2021N001-01-210x300.jpg 210w, https:\/\/esperanto.pl\/wp-content\/uploads\/2021\/03\/PolaEsperantisto2021N001-01-718x1024.jpg 718w, https:\/\/esperanto.pl\/wp-content\/uploads\/2021\/03\/PolaEsperantisto2021N001-01-768x1095.jpg 768w, https:\/\/esperanto.pl\/wp-content\/uploads\/2021\/03\/PolaEsperantisto2021N001-01-1077x1536.jpg 1077w, https:\/\/esperanto.pl\/wp-content\/uploads\/2021\/03\/PolaEsperantisto2021N001-01-1436x2048.jpg 1436w, https:\/\/esperanto.pl\/wp-content\/uploads\/2021\/03\/PolaEsperantisto2021N001-01-1568x2236.jpg 1568w, https:\/\/esperanto.pl\/wp-content\/uploads\/2021\/03\/PolaEsperantisto2021N001-01.jpg 1784w\" sizes=\"auto, (max-width: 210px) 100vw, 210px\" \/><\/h2>\n<p>Spis tre\u015bci (tylko w j\u0119zyku esperanto):<\/p>\n<p>Redaktoraj vortoj \u2026 2<br \/>\n<strong>Estraro informas<\/strong><br \/>\nRobert Kami\u0144ski, \u0108i-jare vi povas denove subteni la Polan Esperanto-Asocion \u2026 3<br \/>\n<strong>Eventoj<\/strong><br \/>\nNina Pietuchowska, Virtualaj Bjalistokaj Zamenhof-tagoj \u2026 5<br \/>\nJagoda Greger, Reta kurso de Esperanto en Sopot \u2026 7<br \/>\n<strong>Mojose<\/strong><br \/>\nwww.junularo.pl, Sekva reta E-kurso de PEJ \u2026 7<br \/>\n<strong>Raportoj, rakontoj<\/strong><br \/>\nUlrich Lins, Esperantistoj en la Varsovia Geto \u2026 8<br \/>\nKasia Wybrzak, Mi ludos por vi la polan himnon 11<br \/>\nhttps:\/\/tiny.pl\/r17rt, \u0108u la mara industrio spertos veran revolucion? \u2026 18<br \/>\nMa\u0142gorzata Komarnicka, Ni savu nian domon, nian teron, nian mondon, nin mem \u2013 \u0109u ekologio estas modo a\u016d devo? \u2026 15<br \/>\nRoman Dobrzy\u0144ski, Ar\u011denta Mazi \u2026 17<br \/>\nMagdalena Tatara, Iga \u015awi\u0105tek \u2013 re\u011dino de Parizo \u2026 21<br \/>\n<strong>Pri kio ni a\u016ddas<\/strong><br \/>\nMarija Belo\u0161evi\u0107, prezidantino de IKUE, Tertremo en Kroatio \u2026 22<br \/>\n<strong>Vizitindaj lokoj<\/strong><br \/>\nRobert Kami\u0144ski, La plej granda palaco en E\u016dropo \u2026 23<br \/>\n<strong>Homoj<\/strong><br \/>\nJolanta Kieres, Rememoro pri Bronis\u0142aw Kieres \u2026 26<br \/>\n<strong>Lingvoscienca angulo<\/strong><br \/>\nPlena Manlibro de Esperanta Gramatiko, De rilate al vorteto \u2026 27<br \/>\n<strong>Literatura\u0135oj<\/strong><br \/>\nEl\u017cbieta Karczewska, Belega Davido \u00e0 la kronviruso \u2026 28<br \/>\nGizela Sklorz, Versa\u0135oj \u2026 30<br \/>\n<strong>Sa\u011dulaj pensoj<\/strong><br \/>\nJarka Mal\u00e1 el \u0108e\u0125io, Pri la vakcin-simila efiko de la protektaj maskoj \u2026 30<br \/>\n<strong>Leterkesto<\/strong><br \/>\nMireille Grosjean, Kongreso de ILEI en 2021 \u2026 33<br \/>\nAdam Wilkus, Denove pri \u015dakoj \u2026 33<br \/>\nKalendaro 34<br \/>\n<strong>Diverse, facile, bonguste<\/strong><br \/>\nMagdalena Tatara, Pirogoj \u2013 tradicia pola man\u011da\u0135o \u2026 35<br \/>\n<strong>Oni eldonis<\/strong><br \/>\n\u201cBjalistokaj kajeroj\u201d n-ro 10, \u201eEsperanto-Movado en Vroclavo kaj Malsupra Silezio\u201d, \u201eLernado per kantado\u201d\u2026 36<br \/>\n<strong>Forpasis<\/strong><br \/>\nHalina Marta Oleszek, Bronis\u0142aw Kieres, Zygmunt Lange 37<br \/>\n<strong>El fotogalerio de Andrzej Sochacki<\/strong><br \/>\nAndrzej Sochacki, 6-aj Esperantaj Tagoj de Stasz\u00f3w, 21-24.05.1992 \u2026 38<br \/>\n<strong>Amuze<\/strong><br \/>\nAdam Wilkus, Krucenigmo pri fungoj \u2026 40<br \/>\n<strong>Zamenhof\/Esperanto-Objekto<\/strong><br \/>\nRobert Kami\u0144ski, Zamenhof\/Esperanto-Objektoj en Pollando \u2013 1 \u2026 44<\/p>\n","protected":false},"excerpt":{"rendered":"<p>Numer 1\/2021 de Pola Esperantisto zosta\u0142 wys\u0142any do abonent\u00f3w. Spis tre\u015bci (tylko w j\u0119zyku esperanto):<\/p>\n","protected":false},"author":11,"featured_media":1951,"comment_status":"closed","ping_status":"open","sticky":false,"template":"","format":"standard","meta":{"footnotes":""},"categories":[69],"tags":[],"class_list":["post-1890","post","type-post","status-publish","format-standard","has-post-thumbnail","hentry","category-pola-esperantisto"],"translation":{"provider":"WPGlobus","version":"3.0.1","language":"pl","enabled_languages":["eo","pl"],"languages":{"eo":{"title":true,"content":true,"excerpt":false},"pl":{"title":true,"content":true,"excerpt":false}}},"aioseo_notices":[],"_links":{"self":[{"href":"https:\/\/esperanto.pl\/pl\/wp-json\/wp\/v2\/posts\/1890","targetHints":{"allow":["GET"]}}],"collection":[{"href":"https:\/\/esperanto.pl\/pl\/wp-json\/wp\/v2\/posts"}],"about":[{"href":"https:\/\/esperanto.pl\/pl\/wp-json\/wp\/v2\/types\/post"}],"author":[{"embeddable":true,"href":"https:\/\/esperanto.pl\/pl\/wp-json\/wp\/v2\/users\/11"}],"replies":[{"embeddable":true,"href":"https:\/\/esperanto.pl\/pl\/wp-json\/wp\/v2\/comments?post=1890"}],"version-history":[{"count":2,"href":"https:\/\/esperanto.pl\/pl\/wp-json\/wp\/v2\/posts\/1890\/revisions"}],"predecessor-version":[{"id":3196,"href":"https:\/\/esperanto.pl\/pl\/wp-json\/wp\/v2\/posts\/1890\/revisions\/3196"}],"wp:featuredmedia":[{"embeddable":true,"href":"https:\/\/esperanto.pl\/pl\/wp-json\/wp\/v2\/media\/1951"}],"wp:attachment":[{"href":"https:\/\/esperanto.pl\/pl\/wp-json\/wp\/v2\/media?parent=1890"}],"wp:term":[{"taxonomy":"category","embeddable":true,"href":"https:\/\/esperanto.pl\/pl\/wp-json\/wp\/v2\/categories?post=1890"},{"taxonomy":"post_tag","embeddable":true,"href":"https:\/\/esperanto.pl\/pl\/wp-json\/wp\/v2\/tags?post=1890"}],"curies":[{"name":"wp","href":"https:\/\/api.w.org\/{rel}","templated":true}]}}