{"id":2287,"date":"2022-09-20T21:32:11","date_gmt":"2022-09-20T20:32:11","guid":{"rendered":"http:\/\/esperanto.pl\/?p=2287"},"modified":"2022-10-20T09:05:06","modified_gmt":"2022-10-20T08:05:06","slug":"pola-esperantisto-3-2022","status":"publish","type":"post","link":"https:\/\/esperanto.pl\/pl\/2022\/09\/20\/pola-esperantisto-3-2022","title":{"rendered":"Pola Esperantisto 3\/2022"},"content":{"rendered":"<h3>Spis tre\u015bci (tylko w esperanto):<\/h3>\n<p>Redaktoraj vortoj<br \/>\n<strong>Estraro informas<\/strong><br \/>\nAgnieszka Mozer, La 39-a Pola Esperanto-Kongreso \u2013 balotado kaj statuto<br \/>\n<strong>Eventoj<\/strong><br \/>\nEl\u017cbieta Karczewska, Ondo de varmego kaj esperantistoj komune atakis la urbon \u0141\u00f3d\u017a. Kiu venkis? Kompreneble esperantistaro<br \/>\nfacebook.com\/bialystokUM, Bjalistoko memoras pri Jakub Szapiro<br \/>\nAdam Wilkus, 33-aj Esperantaj Tagoj de Krakovo<br \/>\nKatarzyna Lewo\u0144czuk, Konferenco en LZC<br \/>\nAdam Wilkus, Ni \u0109iam memoras pri Czantoria<br \/>\n<strong>Mojose<\/strong><br \/>\nPola Esperanto-Junularo, Elekta kunveno de PEJ<br \/>\n<strong>Raportoj, rakontoj<\/strong><br \/>\nTeresa Nemere, Grava jublieo<br \/>\nRobert Kami\u0144ski, Portreto de El\u017cbieta Karczewska \u2013 en la radia intervjuo<br \/>\nRobert Kami\u0144ski, Irek aliflanke de mikrofono<br \/>\nTeresa Nemere, E-to &#8211; mezepoko kaj renesanco. Intervjuo kun Marek Nahajowski<br \/>\nRoman Dobrzy\u0144ski, Estu profesia paciento<br \/>\n<strong>Pri kio ni a\u016ddas<\/strong><br \/>\nRobert Kami\u0144ski, \u201eARKONES\u201d &#8211; Grava komuniko!<br \/>\nSocieto de Esperanto-Amikoj \u201cTORENTO\u201d, Septembre venu al Sopot!<br \/>\nBjalistoka Esperanto-Societo, &#8222;Dialogo inter religioj\u201d<br \/>\nIlona Koutny, Invito kaj alvoko el Pozna\u0144<br \/>\nUEA, Transdono de la arkivo de UEA al la de la A\u016dstria Nacia Biblioteko<br \/>\nBjalistoka Esperanto-Societo, 12-a eldono de la literatura konkurso<br \/>\n<strong>Vizitindaj lokoj<\/strong><br \/>\nRobert Kami\u0144ski, Azio en \u0141\u00f3d\u017a<br \/>\n<strong>Homoj<\/strong><br \/>\nRobert Kami\u0144ski, Henryk Arctowski (Poloj por la mondo)<br \/>\n<strong>Lingvoscienca angulo<\/strong><br \/>\nPlena Manlibro de E-ta Gramatiko, Lokaj rolvortetoj \u2013 \u0108irka\u016d<br \/>\n<strong>Literatura\u0135oj<\/strong><br \/>\nAntoni Madej, Esperanto-gramoj<br \/>\n<strong>Sa\u011daj pensoj<\/strong><br \/>\nPa\u016dlo S. Viana el Brazilo, Esperantigi junajn homojn<br \/>\n<strong>Leterkesto<\/strong><br \/>\nDaniela Gizela Matray, Malfermita letero al la redaktoro de Pola Esperantisto<br \/>\nKatarzyna Lewo\u0144czuk, 10-a datreveno de la &#8222;Esperanto-Libraro&#8221;<br \/>\nMariola Pytel, Nia vizito en Germanio kaj Germana Esperanto-Kongreso<br \/>\nKalendaro de Esperanto-aran\u011doj<br \/>\n<strong>Diverse, facile, bonguste<\/strong><br \/>\nNadia Czachowska-Aleksi\u0107, Recepto el Serbio<br \/>\n<strong>Oni eldonis<\/strong><br \/>\n\u201cVoja\u011do al Kazohinio\u201d, \u201eBalladoj kaj romancoj\u201d<br \/>\n<strong>Forpasis<\/strong><br \/>\nWojciech Socz\u00f3wka, Leokadia R\u00f3zik, Andrzej Tomecki, Lech Piotrowski<br \/>\n<strong>El la fotogalerio de Andrzej Sochacki<\/strong><br \/>\nAndrzej Sochacki, Ripoza Renkonti\u011do, Pola AIS-sesio, 10-aj E-Tagoj de Stasz\u00f3w<br \/>\nAleksander Zdechlik, Nova filia estraro en Gliwice<\/p>\n<p><img loading=\"lazy\" decoding=\"async\" class=\"alignnone size-full wp-image-2290\" src=\"http:\/\/esperanto.pl\/wp-content\/uploads\/2022\/09\/Okladka-PE-3-2022-str-1-jpg.jpg\" alt=\"\" width=\"210\" height=\"300\" \/>\u00a0<img loading=\"lazy\" decoding=\"async\" class=\"alignnone wp-image-2288\" src=\"http:\/\/esperanto.pl\/wp-content\/uploads\/2022\/09\/Okladka-PE-3-2022-str-2-1.jpg\" alt=\"\" width=\"207\" height=\"298\" \/> <img loading=\"lazy\" decoding=\"async\" class=\"alignnone size-full wp-image-2289\" src=\"http:\/\/esperanto.pl\/wp-content\/uploads\/2022\/09\/Okladka-PE-3-2022-str-4.jpg\" alt=\"\" width=\"210\" height=\"300\" \/><\/p>\n","protected":false},"excerpt":{"rendered":"<p>Drodzy! Pojawi\u0142 si\u0119 trzeci numer naszego dwumiesi\u0119cznika &#8222;Pola Esperantisto&#8221;. Informacje jak go abonowa\u0107 znajdziesz na naszej stronie<\/p>\n","protected":false},"author":11,"featured_media":2291,"comment_status":"closed","ping_status":"open","sticky":false,"template":"","format":"standard","meta":{"footnotes":""},"categories":[69],"tags":[],"class_list":["post-2287","post","type-post","status-publish","format-standard","has-post-thumbnail","hentry","category-pola-esperantisto"],"translation":{"provider":"WPGlobus","version":"3.0.1","language":"pl","enabled_languages":["eo","pl"],"languages":{"eo":{"title":true,"content":true,"excerpt":true},"pl":{"title":true,"content":true,"excerpt":true}}},"aioseo_notices":[],"_links":{"self":[{"href":"https:\/\/esperanto.pl\/pl\/wp-json\/wp\/v2\/posts\/2287","targetHints":{"allow":["GET"]}}],"collection":[{"href":"https:\/\/esperanto.pl\/pl\/wp-json\/wp\/v2\/posts"}],"about":[{"href":"https:\/\/esperanto.pl\/pl\/wp-json\/wp\/v2\/types\/post"}],"author":[{"embeddable":true,"href":"https:\/\/esperanto.pl\/pl\/wp-json\/wp\/v2\/users\/11"}],"replies":[{"embeddable":true,"href":"https:\/\/esperanto.pl\/pl\/wp-json\/wp\/v2\/comments?post=2287"}],"version-history":[{"count":11,"href":"https:\/\/esperanto.pl\/pl\/wp-json\/wp\/v2\/posts\/2287\/revisions"}],"predecessor-version":[{"id":3111,"href":"https:\/\/esperanto.pl\/pl\/wp-json\/wp\/v2\/posts\/2287\/revisions\/3111"}],"wp:featuredmedia":[{"embeddable":true,"href":"https:\/\/esperanto.pl\/pl\/wp-json\/wp\/v2\/media\/2291"}],"wp:attachment":[{"href":"https:\/\/esperanto.pl\/pl\/wp-json\/wp\/v2\/media?parent=2287"}],"wp:term":[{"taxonomy":"category","embeddable":true,"href":"https:\/\/esperanto.pl\/pl\/wp-json\/wp\/v2\/categories?post=2287"},{"taxonomy":"post_tag","embeddable":true,"href":"https:\/\/esperanto.pl\/pl\/wp-json\/wp\/v2\/tags?post=2287"}],"curies":[{"name":"wp","href":"https:\/\/api.w.org\/{rel}","templated":true}]}}