{"id":4406,"date":"2023-05-31T16:54:21","date_gmt":"2023-05-31T15:54:21","guid":{"rendered":"https:\/\/esperanto.pl\/?p=4406"},"modified":"2023-06-01T16:57:21","modified_gmt":"2023-06-01T15:57:21","slug":"pola-esperantisto-2-2023","status":"publish","type":"post","link":"https:\/\/esperanto.pl\/pl\/2023\/05\/31\/pola-esperantisto-2-2023","title":{"rendered":"Pola Esperantisto 2\/2023"},"content":{"rendered":"<p>&nbsp;<\/p>\n<p><strong>Enhavo<\/strong><\/p>\n<p>Redaktoraj vortoj .. 2<br \/>\n<strong>PEA-estraro informas<\/strong><br \/>\nZofia \u015amistek, Nova PEA-statuto jam akceptita .. 3<br \/>\nAgnieszka Mozer, Nova estraro kaj revizia komisiono de la Varsovia PEA-Filio<br \/>\n<strong>Eventoj<\/strong><br \/>\nKrakova Societo Esperanto, 35-a Esperantaj Tagoj de Krakovo<br \/>\nRoman Dobrzy\u0144ski, Esperanto en Scienca Pikniko \u2026 6<br \/>\nRoman Dobrzy\u0144ski, Gastoj de la Pasko<br \/>\n<strong>Mojose<\/strong><br \/>\nwww.junularo.pl, Roskilde festivalo kun esperantistoj .. 10<br \/>\nTEJO, Junulara E-kongreso en 2024<br \/>\n<strong>Raportoj, rakontoj<\/strong><br \/>\nRobert Kami\u0144ski, Pola spuroj en Afriko<br \/>\nMagdalena Tatara, Novaj fortoj en Krakova Societo Esperanto .. 13<br \/>\n<strong>Pri kio ni a\u016ddas<\/strong><br \/>\nBruno Flochon, E\u016dropa Kongreso en 2024 .. 14<br \/>\nRobert Kami\u0144ski, Romano pri Romano<br \/>\n<strong>Teknikaj nova\u0135oj el la mondo<\/strong><br \/>\nwww.jetsonaero.com, Fluga\u016dto, kiel en filmo &#8222;Reen al la pasinteco&#8221; .. 15<br \/>\nwww.komputerswiat.pl, La \u0109inoj &#8222;revivigas&#8221; la mortintojn<br \/>\n<strong>Vizitindaj lokoj<\/strong><br \/>\nRobert Kami\u0144ski, Reszel &#8211; la urbo de la lasta sor\u0109istino, kiu ne estis sor\u0109istino &#8230;.. 16<br \/>\n<strong>Homoj<\/strong><br \/>\nBo\u017cena Kocyk, Rememoro pri Halina Komar 1937 \u2013 2023\u2026&#8230; 18<br \/>\n<strong>Lingvoscienca angulo<\/strong><br \/>\nPlena Manlibro de Esperanta Gramatiko, Lokaj rolvortetoj \u2013 Inter (2-a parto) &#8230;&#8230;. 20<br \/>\n<strong>Literatura\u0135oj<\/strong><br \/>\nTomasz Bedy\u0144ski, Julian Tuwim debutis en Esperanto \u2026. 24<br \/>\nRoman Dobrzy\u0144ski, Romano pri Romano &#8211; 65 Jarojn sur la Zamenhofa vojo<br \/>\n<strong>Sa\u011daj pensoj<\/strong><br \/>\nPa\u016dlo S. Viana el Brazilo, Kulturaj ekskursoj por esperantistoj \u2026 25<br \/>\n<strong>Leterkesto<\/strong><br \/>\nFrank van Hertrooij, Scivolemo &#8211; scienca blogo en Esperanto &#8230; 27<br \/>\nKalendaro de Esperanto-aran\u011doj 28<br \/>\n<strong>Diverse, facile, bonguste<\/strong><br \/>\nKinga Nemere-Czachowska, Recepto el Nederlando \u2026.. 30<br \/>\n<strong>Forpasis<\/strong><br \/>\nRegina Grz\u0119bowska .. 30<br \/>\n<strong>Esperanta gazetaro<\/strong><br \/>\nIrana Esperantisto, la oficiala revuo de Irana Esperanto-Asocio<br \/>\n<strong>El la fotogalerio de Andrzej Sochacki<\/strong><br \/>\nAndrzej Sochacki, 30-a Tutpollanda Kongreso de Esperantistoj en Krakovo \u2026 31<br \/>\n<strong>Zamenhof\/Esperanto-Objektoj<\/strong><br \/>\nPrzemys\u0142aw Wierzbowski, Pri Szymon Datner \u2013 patrono de nova strato\u2026 35<\/p>\n<p><img loading=\"lazy\" decoding=\"async\" class=\"alignnone size-medium wp-image-4411\" src=\"https:\/\/esperanto.pl\/wp-content\/uploads\/2023\/06\/Okladka-PE-2-2023-str-2-jpg-215x300.jpg\" alt=\"\" width=\"215\" height=\"300\" srcset=\"https:\/\/esperanto.pl\/wp-content\/uploads\/2023\/06\/Okladka-PE-2-2023-str-2-jpg-215x300.jpg 215w, https:\/\/esperanto.pl\/wp-content\/uploads\/2023\/06\/Okladka-PE-2-2023-str-2-jpg-733x1024.jpg 733w, https:\/\/esperanto.pl\/wp-content\/uploads\/2023\/06\/Okladka-PE-2-2023-str-2-jpg-768x1073.jpg 768w, https:\/\/esperanto.pl\/wp-content\/uploads\/2023\/06\/Okladka-PE-2-2023-str-2-jpg-1099x1536.jpg 1099w, https:\/\/esperanto.pl\/wp-content\/uploads\/2023\/06\/Okladka-PE-2-2023-str-2-jpg-1466x2048.jpg 1466w, https:\/\/esperanto.pl\/wp-content\/uploads\/2023\/06\/Okladka-PE-2-2023-str-2-jpg-1024x1431.jpg 1024w, https:\/\/esperanto.pl\/wp-content\/uploads\/2023\/06\/Okladka-PE-2-2023-str-2-jpg-scaled.jpg 1832w\" sizes=\"auto, (max-width: 215px) 100vw, 215px\" \/> <img loading=\"lazy\" decoding=\"async\" class=\"alignnone size-medium wp-image-4412\" src=\"https:\/\/esperanto.pl\/wp-content\/uploads\/2023\/06\/PE-2-2023-str-4-jpg-215x300.jpg\" alt=\"\" width=\"215\" height=\"300\" srcset=\"https:\/\/esperanto.pl\/wp-content\/uploads\/2023\/06\/PE-2-2023-str-4-jpg-215x300.jpg 215w, https:\/\/esperanto.pl\/wp-content\/uploads\/2023\/06\/PE-2-2023-str-4-jpg-733x1024.jpg 733w, https:\/\/esperanto.pl\/wp-content\/uploads\/2023\/06\/PE-2-2023-str-4-jpg-768x1073.jpg 768w, https:\/\/esperanto.pl\/wp-content\/uploads\/2023\/06\/PE-2-2023-str-4-jpg-1099x1536.jpg 1099w, https:\/\/esperanto.pl\/wp-content\/uploads\/2023\/06\/PE-2-2023-str-4-jpg-1466x2048.jpg 1466w, https:\/\/esperanto.pl\/wp-content\/uploads\/2023\/06\/PE-2-2023-str-4-jpg-1024x1431.jpg 1024w, https:\/\/esperanto.pl\/wp-content\/uploads\/2023\/06\/PE-2-2023-str-4-jpg-scaled.jpg 1832w\" sizes=\"auto, (max-width: 215px) 100vw, 215px\" \/><\/p>\n","protected":false},"excerpt":{"rendered":"<p>&nbsp; Enhavo Redaktoraj vortoj .. 2 PEA-estraro informas Zofia \u015amistek, Nova PEA-statuto jam akceptita ..<\/p>\n","protected":false},"author":1,"featured_media":4407,"comment_status":"closed","ping_status":"open","sticky":false,"template":"","format":"standard","meta":{"footnotes":""},"categories":[69],"tags":[],"class_list":["post-4406","post","type-post","status-publish","format-standard","has-post-thumbnail","hentry","category-pola-esperantisto"],"translation":{"provider":"WPGlobus","version":"3.0.1","language":"pl","enabled_languages":["eo","pl"],"languages":{"eo":{"title":true,"content":true,"excerpt":false},"pl":{"title":true,"content":true,"excerpt":false}}},"aioseo_notices":[],"_links":{"self":[{"href":"https:\/\/esperanto.pl\/pl\/wp-json\/wp\/v2\/posts\/4406","targetHints":{"allow":["GET"]}}],"collection":[{"href":"https:\/\/esperanto.pl\/pl\/wp-json\/wp\/v2\/posts"}],"about":[{"href":"https:\/\/esperanto.pl\/pl\/wp-json\/wp\/v2\/types\/post"}],"author":[{"embeddable":true,"href":"https:\/\/esperanto.pl\/pl\/wp-json\/wp\/v2\/users\/1"}],"replies":[{"embeddable":true,"href":"https:\/\/esperanto.pl\/pl\/wp-json\/wp\/v2\/comments?post=4406"}],"version-history":[{"count":4,"href":"https:\/\/esperanto.pl\/pl\/wp-json\/wp\/v2\/posts\/4406\/revisions"}],"predecessor-version":[{"id":4414,"href":"https:\/\/esperanto.pl\/pl\/wp-json\/wp\/v2\/posts\/4406\/revisions\/4414"}],"wp:featuredmedia":[{"embeddable":true,"href":"https:\/\/esperanto.pl\/pl\/wp-json\/wp\/v2\/media\/4407"}],"wp:attachment":[{"href":"https:\/\/esperanto.pl\/pl\/wp-json\/wp\/v2\/media?parent=4406"}],"wp:term":[{"taxonomy":"category","embeddable":true,"href":"https:\/\/esperanto.pl\/pl\/wp-json\/wp\/v2\/categories?post=4406"},{"taxonomy":"post_tag","embeddable":true,"href":"https:\/\/esperanto.pl\/pl\/wp-json\/wp\/v2\/tags?post=4406"}],"curies":[{"name":"wp","href":"https:\/\/api.w.org\/{rel}","templated":true}]}}