{"id":4663,"date":"2023-08-09T00:00:59","date_gmt":"2023-08-08T23:00:59","guid":{"rendered":"https:\/\/esperanto.pl\/?p=4663"},"modified":"2023-08-13T01:37:13","modified_gmt":"2023-08-13T00:37:13","slug":"vortoj-el-unua-vortaro-pretas","status":"publish","type":"post","link":"https:\/\/esperanto.pl\/pl\/2023\/08\/09\/vortoj-el-unua-vortaro-pretas","title":{"rendered":"Pierwszy s\u0142ownik w formie fiszek &#8211; gotowy!"},"content":{"rendered":"<p>Oto niewidoczna cz\u0119\u015b\u0107 pracy nad nasz\u0105 stron\u0105. S\u0142ownik z Unua Libro zosta\u0142 przepisany do elektronicznego systemu fiszek. Po prawej stronie s\u0105 widoczne rdzenie s\u0142owotw\u00f3rcze z oryginalnym t\u0142umaczeniem. Pojawiaj\u0105 si\u0119 w kolejno\u015bci losowej.<\/p>\n<p>W por\u00f3wnaniu z orygina\u0142em mo\u017cna zauwa\u017cy\u0107, \u017ce kian -&gt; kiam, ian -&gt; iam itp r\u00f3\u017cni\u0105 si\u0119, gdy\u017c dopiero w Dua Libro pojawi\u0142a si\u0119 zmiana korelatyw czasu na ko\u0144c\u00f3wk\u0119 -iam.<\/p>\n","protected":false},"excerpt":{"rendered":"<p>Oto niewidoczna cz\u0119\u015b\u0107 pracy nad nasz\u0105 stron\u0105. S\u0142ownik z Unua Libro zosta\u0142 przepisany do elektronicznego<\/p>\n","protected":false},"author":1,"featured_media":4665,"comment_status":"closed","ping_status":"open","sticky":false,"template":"","format":"standard","meta":{"footnotes":""},"categories":[104],"tags":[],"class_list":["post-4663","post","type-post","status-publish","format-standard","has-post-thumbnail","hentry","category-www"],"translation":{"provider":"WPGlobus","version":"3.0.1","language":"pl","enabled_languages":["eo","pl"],"languages":{"eo":{"title":true,"content":true,"excerpt":false},"pl":{"title":true,"content":true,"excerpt":false}}},"aioseo_notices":[],"_links":{"self":[{"href":"https:\/\/esperanto.pl\/pl\/wp-json\/wp\/v2\/posts\/4663","targetHints":{"allow":["GET"]}}],"collection":[{"href":"https:\/\/esperanto.pl\/pl\/wp-json\/wp\/v2\/posts"}],"about":[{"href":"https:\/\/esperanto.pl\/pl\/wp-json\/wp\/v2\/types\/post"}],"author":[{"embeddable":true,"href":"https:\/\/esperanto.pl\/pl\/wp-json\/wp\/v2\/users\/1"}],"replies":[{"embeddable":true,"href":"https:\/\/esperanto.pl\/pl\/wp-json\/wp\/v2\/comments?post=4663"}],"version-history":[{"count":4,"href":"https:\/\/esperanto.pl\/pl\/wp-json\/wp\/v2\/posts\/4663\/revisions"}],"predecessor-version":[{"id":4668,"href":"https:\/\/esperanto.pl\/pl\/wp-json\/wp\/v2\/posts\/4663\/revisions\/4668"}],"wp:featuredmedia":[{"embeddable":true,"href":"https:\/\/esperanto.pl\/pl\/wp-json\/wp\/v2\/media\/4665"}],"wp:attachment":[{"href":"https:\/\/esperanto.pl\/pl\/wp-json\/wp\/v2\/media?parent=4663"}],"wp:term":[{"taxonomy":"category","embeddable":true,"href":"https:\/\/esperanto.pl\/pl\/wp-json\/wp\/v2\/categories?post=4663"},{"taxonomy":"post_tag","embeddable":true,"href":"https:\/\/esperanto.pl\/pl\/wp-json\/wp\/v2\/tags?post=4663"}],"curies":[{"name":"wp","href":"https:\/\/api.w.org\/{rel}","templated":true}]}}