{"id":4962,"date":"2023-09-24T16:07:59","date_gmt":"2023-09-24T15:07:59","guid":{"rendered":"https:\/\/esperanto.pl\/?p=4962"},"modified":"2023-09-24T16:07:59","modified_gmt":"2023-09-24T15:07:59","slug":"kurso-de-esperanto-en-gorzow-wielkopolski","status":"publish","type":"post","link":"https:\/\/esperanto.pl\/pl\/2023\/09\/24\/kurso-de-esperanto-en-gorzow-wielkopolski","title":{"rendered":"Kurso de Esperanto en Gorz\u00f3w Wielkopolski"},"content":{"rendered":"<p>[pl] Informacja ze strony Uniwersytetu Trzeciego Wieku w Gorzowie Wielkopolskim &#8212;&gt; <a href=\"https:\/\/utw-gorzow.pl\/sekcje-popularno-naukowe\/jezyki-obce\/esperanto\/ruszamy-z-zapisami-na-kursy-esperanto\/\">LINK<\/a><br \/>\nStrona UTW informuje, \u017ce..<\/p>\n<blockquote><p>4 wrze\u015bnia.br. zaczynaj\u0105 si\u0119 zapisy do r\u00f3\u017cnych sekcji UTW mi\u0119dzy innymi na kursy j\u0119zyka Esperanto i trwa\u0107 b\u0119d\u0105 do 22 wrze\u015bnia.<\/p>\n<p>W bie\u017c\u0105cym roku akademickim b\u0119d\u0105 dwa kursy j\u0119zyka:\u00a0 \u00a0 \u00a0 \u00a0 \u00a0 \u00a0 \u00a0 \u00a0 \u00a0 \u00a0 \u00a0 \u00a0 \u00a0 \u00a0 \u00a0 \u00a0 \u00a0 \u00a0 \u00a0 \u00a0 \u00a0 \u00a0 \u00a0 \u00a0 \u00a0 \u00a0 \u00a0 \u00a0 \u00a0 \u00a0 \u00a0 \u00a0 \u00a0 \u00a0 \u00a0 \u00a0 \u00a0 \u00a0 \u00a0 \u00a0 \u00a0 \u00a0 \u00a0 \u00a0 \u00a0 \u00a0 \u00a0 \u00a0 I stopnia \u2013 dla pocz\u0105tkuj\u0105cych oraz os\u00f3b, kt\u00f3re mia\u0142y wcze\u015bniejszy kontakt z j\u0119zykiem i chcia\u0142yby od\u015bwie\u017cy\u0107 swoj\u0105 wiedz\u0119,<br \/>\nII stopnia \u2013 kontynuacja zesz\u0142orocznego kursu I stopnia dla os\u00f3b, kt\u00f3re go uko\u0144czy\u0142y oraz dla os\u00f3b, kt\u00f3re znaj\u0105 podstawy i chcia\u0142yby pog\u0142\u0119bi\u0107 swoj\u0105 wiedz\u0119.<\/p>\n<p>Zaj\u0119cia odbywa\u0107 si\u0119 b\u0119d\u0105 w czwartki. Dok\u0142adne godziny zostan\u0105 podane w pod koniec wrze\u015bnia br. o czym poinformujemy w internecie na stronie uniwersytetu pod adresem:<a href=\"https:\/\/utw-gorzow.pl\/\">\u00a0https:\/\/utw-gorzow.pl\/<\/a><br \/>\nZaj\u0119cia b\u0119d\u0105 si\u0119 odbywa\u0107 w wymiarze 1 pe\u0142nej godziny jeden raz w tygodniu. Oba kursy zaczynaj\u0105 si\u0119 5 pa\u017adziernika br. w siedzibie uniwersytetu.<br \/>\nI stopie\u0144 j\u0119zyka prowadzi\u0142 b\u0119dzie \u2013 Piotr Radej, kurs II stopnia Stanis\u0142aw Burba.<\/p>\n<p><img loading=\"lazy\" decoding=\"async\" class=\"wp-image-4541 size-full alignright\" src=\"http:\/\/utw-gorzow.pl\/wp-content\/uploads\/2018\/10\/esperanto.png\" alt=\"\" width=\"200\" height=\"133\" \/><\/p>\n<p>KURSY S\u0104 BEZP\u0141ATNE<\/p>\n<p>Zapraszamy wszystkich zainteresowanych. Idea wprowadzenia j\u0119zyka Esperanto jako j\u0119zyka pomocniczego do powszechnej komunikacji mi\u0119dzynarodowej jest niezwykle ciekawa i wci\u0105\u017c \u017cywa. Uczestnicz\u0105c w zaj\u0119ciach, dowiesz si\u0119 dlaczego.<br \/>\n<strong>Tekst przygotowa\u0142 \u2013 Stanis\u0142aw Burba<\/strong><\/p>\n<p>31 sierpnia 2023.<\/p><\/blockquote>\n","protected":false},"excerpt":{"rendered":"<p>[pl] Informacja ze strony Uniwersytetu Trzeciego Wieku w Gorzowie Wielkopolskim &#8212;&gt; LINK Strona UTW informuje,<\/p>\n","protected":false},"author":1,"featured_media":4963,"comment_status":"closed","ping_status":"open","sticky":false,"template":"","format":"standard","meta":{"footnotes":""},"categories":[83,102],"tags":[],"class_list":["post-4962","post","type-post","status-publish","format-standard","has-post-thumbnail","hentry","category-kurso","category-gorzow-wielkopolski"],"translation":{"provider":"WPGlobus","version":"3.0.1","language":"pl","enabled_languages":["eo","pl"],"languages":{"eo":{"title":true,"content":true,"excerpt":false},"pl":{"title":false,"content":false,"excerpt":false}}},"aioseo_notices":[],"_links":{"self":[{"href":"https:\/\/esperanto.pl\/pl\/wp-json\/wp\/v2\/posts\/4962","targetHints":{"allow":["GET"]}}],"collection":[{"href":"https:\/\/esperanto.pl\/pl\/wp-json\/wp\/v2\/posts"}],"about":[{"href":"https:\/\/esperanto.pl\/pl\/wp-json\/wp\/v2\/types\/post"}],"author":[{"embeddable":true,"href":"https:\/\/esperanto.pl\/pl\/wp-json\/wp\/v2\/users\/1"}],"replies":[{"embeddable":true,"href":"https:\/\/esperanto.pl\/pl\/wp-json\/wp\/v2\/comments?post=4962"}],"version-history":[{"count":2,"href":"https:\/\/esperanto.pl\/pl\/wp-json\/wp\/v2\/posts\/4962\/revisions"}],"predecessor-version":[{"id":4965,"href":"https:\/\/esperanto.pl\/pl\/wp-json\/wp\/v2\/posts\/4962\/revisions\/4965"}],"wp:featuredmedia":[{"embeddable":true,"href":"https:\/\/esperanto.pl\/pl\/wp-json\/wp\/v2\/media\/4963"}],"wp:attachment":[{"href":"https:\/\/esperanto.pl\/pl\/wp-json\/wp\/v2\/media?parent=4962"}],"wp:term":[{"taxonomy":"category","embeddable":true,"href":"https:\/\/esperanto.pl\/pl\/wp-json\/wp\/v2\/categories?post=4962"},{"taxonomy":"post_tag","embeddable":true,"href":"https:\/\/esperanto.pl\/pl\/wp-json\/wp\/v2\/tags?post=4962"}],"curies":[{"name":"wp","href":"https:\/\/api.w.org\/{rel}","templated":true}]}}