{"id":5177,"date":"2023-11-14T22:36:47","date_gmt":"2023-11-14T21:36:47","guid":{"rendered":"https:\/\/esperanto.pl\/?p=5177"},"modified":"2023-11-14T22:36:47","modified_gmt":"2023-11-14T21:36:47","slug":"pola-esperantisto-4-2023","status":"publish","type":"post","link":"https:\/\/esperanto.pl\/pl\/2023\/11\/14\/pola-esperantisto-4-2023","title":{"rendered":"Pola Esperantisto 4\/2023"},"content":{"rendered":"<p><strong>Enhavo de Pola Esperantisto 4-2023<\/strong><\/p>\n<p><strong>PEA-estraro informas<\/strong><br \/>\nRobert Kami\u0144ski, Gluo, tondilo kaj&#8230; longaj monatoj \u2013 arkivo de gazetaraj eltran\u0109a\u0135oj pri Esperanto \u2026.\u2026.. 2<br \/>\n<strong>Eventoj<\/strong><br \/>\nAdam Wilkus, Impresoj pri la 40-a Pola Esperanto-Kongreso en Siedlce \u2026\u2026\u2026\u2026.\u2026.. 3<br \/>\nEl\u017cbieta Karczewska, Kongreso de KELI en Bjalistoko \u2026\u2026\u2026\u2026\u2026\u2026\u2026\u2026\u2026\u2026\u2026\u2026\u2026\u2026\u2026\u2026 8<br \/>\nRobert Kami\u0144ski, Renovigo en Jelenia G\u00f3ra da\u016dras \u2026\u2026\u2026\u2026\u2026\u2026\u2026\u2026\u2026\u2026\u2026&#8230;\u2026..\u2026\u2026&#8230;.. 12<br \/>\n<strong>Mojose<\/strong><br \/>\nwww.junularo.pl, Eksterordinara PEJ-Kunveno 2023, \u0108elima A\u016dtuna Renkonti\u011do 2023 13<br \/>\n<strong>Raportoj, rakontoj<\/strong><br \/>\nRobert Kami\u0144ski, Murpentra\u0135o en Muran\u00f3w purigita \u2026\u2026\u2026\u2026\u2026\u2026.\u2026\u2026&#8230;\u2026\u2026\u2026\u2026\u2026.\u2026. 13<br \/>\nEl\u017cbieta Karczewska, Pri la 100-a Germana Esperanto-Kongreso \u2013 impresoj \u2026.\u2026. 14<br \/>\n<strong>Pri kio ni a\u016ddas<\/strong><br \/>\nGarry Evans, kun helpo de ChatGPT, Nova vizitinda Esperanto-muzeo en Japanio . 16<br \/>\nUEA Komunikoj, Rezulto de la belartaj konkursoj de UEA. Polo inter premiitoj \u2026.. 17<br \/>\n<strong>Teknikaj nova\u0135oj el la mondo<\/strong><br \/>\nRobert Kami\u0144ski, Evoluo de atoma raketpropulso, kiu povas revolucii kosmoesploron 18<br \/>\n<strong>Vizitindaj lokoj<\/strong><br \/>\nGra\u017cyna Barszczewska-Banel, Sankta Akvo \u2026\u2026\u2026\u2026\u2026\u2026\u2026\u2026\u2026\u2026\u2026\u2026\u2026\u2026\u2026..\u2026.\u2026\u2026\u2026\u2026. 19<br \/>\n<strong>Homoj<\/strong><br \/>\nRoman Dobrzy\u0144ski, ADA \u2013 la migranta birdo &#8230;&#8230;&#8230;&#8230;&#8230;&#8230;. 22<br \/>\n<strong>Lingvoscienca angulo<\/strong><br \/>\nPlena Manlibro de Esperanta Gramatiko, Lokaj rolvortetoj \u2013 Inter (2-a parto) &#8230;&#8230;. 27<br \/>\n<strong>Literatura\u0135oj<\/strong><br \/>\nBoles\u0142aw Le\u015bmian, La knabino \u2026\u2026\u2026\u2026\u2026\u2026\u2026\u2026\u2026\u2026\u2026\u2026\u2026\u2026\u2026\u2026\u2026\u2026\u2026\u2026\u2026\u2026\u2026..\u2026\u2026\u2026\u2026.. 28<br \/>\n<strong>Sa\u011daj pensoj<\/strong><br \/>\nMicha\u0142 Czernielewski, Bona dormado pligrandigas onian deziron helpi al aliaj ..\u2026 30<br \/>\n<strong>Leterkesto<\/strong><br \/>\nAndr\u00e9 Tiago, Korespondu kun lernantoj \u2026\u2026\u2026\u2026\u2026\u2026\u2026\u2026\u2026\u2026\u2026\u2026\u2026\u2026\u2026\u2026\u2026\u2026\u2026\u2026\u2026\u2026&#8230; 33<br \/>\nKatarzyna Tempczyk, \u201eDoktoro, kiu portis esperon \u2026\u201d \u2026\u2026\u2026\u2026\u2026\u2026\u2026\u2026\u2026\u2026\u2026\u2026..\u2026\u2026 33<br \/>\nKalendaro de Esperanto-aran\u011doj 34<br \/>\n<strong>Diverse, facile, bonguste,<\/strong><br \/>\nTeresa Nemere, Juda brando el Tykocin \u2026\u2026\u2026\u2026\u2026\u2026\u2026\u2026\u2026\u2026\u2026\u2026\u2026\u2026\u2026\u2026\u2026\u2026\u2026\u2026\u2026\u2026.. 35<br \/>\n<strong>Oni edonis<\/strong><br \/>\n\u201eRuta Tannenbaum\u201d, \u201e\u0108e Nemano\u201d, \u201e\u017bycie na pograniczach. Zbigniew Anthony Kruszewski. Biografia\u201d \u2026&#8230; 36<br \/>\n<strong>El la fotogalerio de Andrzej Sochacki<br \/>\n<\/strong>Andrzej Sochacki, 17-aj Artaj Konfrontoj en Esperanto ARKONES 2001 \u2026\u2026\u2026..\u2026\u2026 38<\/p>\n<div id='gallery-1' class='gallery galleryid-5177 gallery-columns-3 gallery-size-thumbnail'><figure class='gallery-item'>\n\t\t\t<div class='gallery-icon portrait'>\n\t\t\t\t<a href='https:\/\/esperanto.pl\/pl\/2023\/11\/14\/pola-esperantisto-4-2023\/pe-4-2023-str-4'><img width=\"150\" height=\"150\" src=\"https:\/\/esperanto.pl\/wp-content\/uploads\/2023\/11\/PE-4-2023-str-4-150x150.jpg\" class=\"attachment-thumbnail size-thumbnail\" alt=\"PE 4- 2023 str 4\" srcset=\"https:\/\/esperanto.pl\/wp-content\/uploads\/2023\/11\/PE-4-2023-str-4-150x150.jpg 150w, https:\/\/esperanto.pl\/wp-content\/uploads\/2023\/11\/PE-4-2023-str-4-400x400.jpg 400w\" sizes=\"auto, (max-width: 150px) 100vw, 150px\" loading=\"lazy\" decoding=\"async\" \/><\/a>\n\t\t\t<\/div><\/figure><figure class='gallery-item'>\n\t\t\t<div class='gallery-icon portrait'>\n\t\t\t\t<a href='https:\/\/esperanto.pl\/pl\/2023\/11\/14\/pola-esperantisto-4-2023\/pe-4-2023-str-3-druk'><img width=\"150\" height=\"150\" src=\"https:\/\/esperanto.pl\/wp-content\/uploads\/2023\/11\/PE-4-2023-str-3-druk-150x150.jpg\" class=\"attachment-thumbnail size-thumbnail\" alt=\"PE 4- 2023 str 3 druk\" srcset=\"https:\/\/esperanto.pl\/wp-content\/uploads\/2023\/11\/PE-4-2023-str-3-druk-150x150.jpg 150w, https:\/\/esperanto.pl\/wp-content\/uploads\/2023\/11\/PE-4-2023-str-3-druk-400x400.jpg 400w\" sizes=\"auto, (max-width: 150px) 100vw, 150px\" loading=\"lazy\" decoding=\"async\" \/><\/a>\n\t\t\t<\/div><\/figure><figure class='gallery-item'>\n\t\t\t<div class='gallery-icon portrait'>\n\t\t\t\t<a href='https:\/\/esperanto.pl\/pl\/2023\/11\/14\/pola-esperantisto-4-2023\/okladka-pe-4-2023-str-2-druk'><img width=\"150\" height=\"150\" src=\"https:\/\/esperanto.pl\/wp-content\/uploads\/2023\/11\/Okladka-PE-4-2023-str-2-druk-150x150.jpg\" class=\"attachment-thumbnail size-thumbnail\" alt=\"Okladka PE 4-2023 str 2 druk\" srcset=\"https:\/\/esperanto.pl\/wp-content\/uploads\/2023\/11\/Okladka-PE-4-2023-str-2-druk-150x150.jpg 150w, https:\/\/esperanto.pl\/wp-content\/uploads\/2023\/11\/Okladka-PE-4-2023-str-2-druk-400x400.jpg 400w\" sizes=\"auto, (max-width: 150px) 100vw, 150px\" loading=\"lazy\" decoding=\"async\" \/><\/a>\n\t\t\t<\/div><\/figure>\n\t\t<\/div>\n\n","protected":false},"excerpt":{"rendered":"<p>Enhavo de Pola Esperantisto 4-2023 PEA-estraro informas Robert Kami\u0144ski, Gluo, tondilo kaj&#8230; longaj monatoj \u2013<\/p>\n","protected":false},"author":1,"featured_media":5178,"comment_status":"closed","ping_status":"open","sticky":false,"template":"","format":"standard","meta":{"footnotes":""},"categories":[69],"tags":[],"class_list":["post-5177","post","type-post","status-publish","format-standard","has-post-thumbnail","hentry","category-pola-esperantisto"],"translation":{"provider":"WPGlobus","version":"3.0.1","language":"pl","enabled_languages":["eo","pl"],"languages":{"eo":{"title":true,"content":true,"excerpt":false},"pl":{"title":false,"content":false,"excerpt":false}}},"aioseo_notices":[],"_links":{"self":[{"href":"https:\/\/esperanto.pl\/pl\/wp-json\/wp\/v2\/posts\/5177","targetHints":{"allow":["GET"]}}],"collection":[{"href":"https:\/\/esperanto.pl\/pl\/wp-json\/wp\/v2\/posts"}],"about":[{"href":"https:\/\/esperanto.pl\/pl\/wp-json\/wp\/v2\/types\/post"}],"author":[{"embeddable":true,"href":"https:\/\/esperanto.pl\/pl\/wp-json\/wp\/v2\/users\/1"}],"replies":[{"embeddable":true,"href":"https:\/\/esperanto.pl\/pl\/wp-json\/wp\/v2\/comments?post=5177"}],"version-history":[{"count":2,"href":"https:\/\/esperanto.pl\/pl\/wp-json\/wp\/v2\/posts\/5177\/revisions"}],"predecessor-version":[{"id":5195,"href":"https:\/\/esperanto.pl\/pl\/wp-json\/wp\/v2\/posts\/5177\/revisions\/5195"}],"wp:featuredmedia":[{"embeddable":true,"href":"https:\/\/esperanto.pl\/pl\/wp-json\/wp\/v2\/media\/5178"}],"wp:attachment":[{"href":"https:\/\/esperanto.pl\/pl\/wp-json\/wp\/v2\/media?parent=5177"}],"wp:term":[{"taxonomy":"category","embeddable":true,"href":"https:\/\/esperanto.pl\/pl\/wp-json\/wp\/v2\/categories?post=5177"},{"taxonomy":"post_tag","embeddable":true,"href":"https:\/\/esperanto.pl\/pl\/wp-json\/wp\/v2\/tags?post=5177"}],"curies":[{"name":"wp","href":"https:\/\/api.w.org\/{rel}","templated":true}]}}