{"id":5382,"date":"2024-04-24T14:51:34","date_gmt":"2024-04-24T13:51:34","guid":{"rendered":"https:\/\/esperanto.pl\/?p=5382"},"modified":"2024-05-23T15:02:34","modified_gmt":"2024-05-23T14:02:34","slug":"walne-zgromadzenie-2024","status":"publish","type":"post","link":"https:\/\/esperanto.pl\/pl\/2024\/04\/24\/walne-zgromadzenie-2024","title":{"rendered":"WALNE ZGROMADZENIE Cz\u0142onk\u00f3w PZE 25 maja 2024"},"content":{"rendered":"<p style=\"font-weight: 400;\">Zarz\u0105d G\u0142\u00f3wny PZE zgodnie ze Statutem PZE art. 38 pkt.13<\/p>\n<p style=\"font-weight: 400;\">Postanawia\u00a0\u00a0o zwo\u0142aniu w dniu 25.05.2024 Walnego Zgromadzenia cz\u0142onk\u00f3w Polskiego Zwi\u0105zku Esperantyst\u00f3w. Walne Zgromadzenie odb\u0119dzie si\u0119 w Warszawie w lokalu Narodowego Instytutu Dziedzictwa przy<strong> ul. M. Kopernika 36\/40 o godz. 11:30 <\/strong>(w pierwszym terminie) i 11:45 w drugim terminie.<\/p>\n<p style=\"font-weight: 400;\">Zgodnie z art. 27 pkt. 1 Statutu w Walnym Zgromadzeniu uczestnicz\u0105 wszystkie osoby b\u0119d\u0105ce cz\u0142onkami PZE.<\/p>\n<p style=\"font-weight: 400;\">Zgodnie z art. 28 prawo g\u0142osowania podczas Walnego Zgromadzenia s\u0142u\u017cy wy\u0142\u0105cznie osobom b\u0119d\u0105cym cz\u0142onkami zwyczajnymi PZE, kt\u00f3re nie zalegaj\u0105 z op\u0142acaniem sk\u0142adek cz\u0142onkowskich, nowym cz\u0142onkom PZE przyj\u0119tym w 2021, kt\u00f3rzy dokonali wp\u0142aty do dnia Walnego Zgromadzenia i honorowym cz\u0142onkom PZE.<\/p>\n<p style=\"font-weight: 400;\">Zgodnie z Art. 27 p. 5 i 6 Cz\u0142onkowie zwyczajni mog\u0105 g\u0142osowa\u0107 za po\u015brednictwem pe\u0142nomocnik\u00f3w za wyj\u0105tkiem g\u0142osowa\u0144 nad wyborem Zarz\u0105du G\u0142\u00f3wnego, G\u0142\u00f3wnej Komisji Rewizyjnej, zmian statutu, likwidacji PZE. Wz\u00f3r pe\u0142nomocnictwa stanowi za\u0142\u0105cznik nr. 1 do statutu.<\/p>\n<p style=\"font-weight: 400;\">Cz\u0142onek zwyczajny mo\u017ce g\u0142osowa\u0107 w imieniu 2 cz\u0142onk\u00f3w zwyczajnych na podstawie otrzymanego od nich pe\u0142nomocnictwa.<\/p>\n<p style=\"font-weight: 400;\">Ze wzgl\u0119d\u00f3w technicznych prosimy Oddzia\u0142y o wyposa\u017cenie swego cz\u0142onka uczestnicz\u0105cego Zgromadzeniu w potwierdzenie wp\u0142aty sk\u0142adek. Ze wzgl\u0119du na trudno\u015b\u0107 powiadomienia wszystkich cz\u0142onk\u00f3w PZE, prosimy Zarz\u0105dy Oddzia\u0142\u00f3w i wszystkie jednostki organizacyjne o powiadomienie cz\u0142onk\u00f3w o Walnym Zgromadzeniu. Przekazujemy niniejszym t\u0119 informacje cz\u0142onkom indywidualnym.<\/p>\n<p style=\"font-weight: 400;\">Uczestnicy Walnego Zgromadzenia przyje\u017cd\u017caj\u0105 na w\u0142asny koszt. Pok\u00f3j w kt\u00f3rym odb\u0119dzie si\u0119 Walne Zgromadzenie znajduje si\u0119 na 1. pi\u0119trze.<\/p>\n<p style=\"font-weight: 400;\">Porz\u0105dek obrad Walnego Zgromadzenia Cz\u0142onk\u00f3w PZE<\/p>\n<ol>\n<li>Otwarcie obrad (wyznaczony cz\u0142onek ZG PZE)<\/li>\n<li>Powo\u0142anie prezydium WZCzPZE, (przewodnicz\u0105cego i sekretarza obrad) powo\u0142anie Komisji Uchwa\u0142 i Komisji Mandatowo-Skrutacyjnej.<\/li>\n<li>Przyj\u0119cie porz\u0105dku obrad.<\/li>\n<li>Sprawozdanie ZG za rok 2023 (w tym sprawozdanie finansowe).<\/li>\n<li>Sprawozdanie G\u0142\u00f3wnej Komisji Rewizyjnej. Wniosek o udzieleniu absolutorium ZG PZE.<\/li>\n<li>Dyskusja nad sprawozdaniami.<\/li>\n<li>G\u0142osowanie o udzieleniu absolutorium cz\u0142onkom ZG PZE<\/li>\n<li>Przyj\u0119cie Sprawozda\u0144 oraz podj\u0119cie uchwa\u0142 zwi\u0105zanych z finansami PZE.<\/li>\n<li>Propozycje dzia\u0142alno\u015bci PZE na nast\u0119pny okres sprawozdawczy.<\/li>\n<li>Nadanie tytu\u0142u cz\u0142onka honorowego dla: Stanis\u0142awowa Mandraka, Stanis\u0142awa P\u0142atka, Zbigniewa Tylkowskiego i Henryka Kosickiego<\/li>\n<li>Przyj\u0119cie uchwa\u0142 i wniosk\u00f3w<\/li>\n<li>Sprawy r\u00f3\u017cne.<\/li>\n<li>Zako\u0144czenie obrad WZ.<\/li>\n<\/ol>\n<p style=\"font-weight: 400;\">Zarz\u0105d G\u0142\u00f3wny<\/p>\n<p style=\"font-weight: 400;\">Polskiego Zwi\u0105zku Esperantyst\u00f3w<\/p>\n","protected":false},"excerpt":{"rendered":"<p>Zarz\u0105d G\u0142\u00f3wny PZE zgodnie ze Statutem PZE art. 38 pkt.13 Postanawia\u00a0\u00a0o zwo\u0142aniu w dniu 25.05.2024<\/p>\n","protected":false},"author":1,"featured_media":5386,"comment_status":"closed","ping_status":"open","sticky":false,"template":"","format":"standard","meta":{"footnotes":""},"categories":[75,63],"tags":[],"class_list":["post-5382","post","type-post","status-publish","format-standard","has-post-thumbnail","hentry","category-pea","category-varsovio"],"translation":{"provider":"WPGlobus","version":"3.0.1","language":"pl","enabled_languages":["eo","pl"],"languages":{"eo":{"title":true,"content":true,"excerpt":false},"pl":{"title":false,"content":false,"excerpt":false}}},"aioseo_notices":[],"_links":{"self":[{"href":"https:\/\/esperanto.pl\/pl\/wp-json\/wp\/v2\/posts\/5382","targetHints":{"allow":["GET"]}}],"collection":[{"href":"https:\/\/esperanto.pl\/pl\/wp-json\/wp\/v2\/posts"}],"about":[{"href":"https:\/\/esperanto.pl\/pl\/wp-json\/wp\/v2\/types\/post"}],"author":[{"embeddable":true,"href":"https:\/\/esperanto.pl\/pl\/wp-json\/wp\/v2\/users\/1"}],"replies":[{"embeddable":true,"href":"https:\/\/esperanto.pl\/pl\/wp-json\/wp\/v2\/comments?post=5382"}],"version-history":[{"count":3,"href":"https:\/\/esperanto.pl\/pl\/wp-json\/wp\/v2\/posts\/5382\/revisions"}],"predecessor-version":[{"id":5385,"href":"https:\/\/esperanto.pl\/pl\/wp-json\/wp\/v2\/posts\/5382\/revisions\/5385"}],"wp:featuredmedia":[{"embeddable":true,"href":"https:\/\/esperanto.pl\/pl\/wp-json\/wp\/v2\/media\/5386"}],"wp:attachment":[{"href":"https:\/\/esperanto.pl\/pl\/wp-json\/wp\/v2\/media?parent=5382"}],"wp:term":[{"taxonomy":"category","embeddable":true,"href":"https:\/\/esperanto.pl\/pl\/wp-json\/wp\/v2\/categories?post=5382"},{"taxonomy":"post_tag","embeddable":true,"href":"https:\/\/esperanto.pl\/pl\/wp-json\/wp\/v2\/tags?post=5382"}],"curies":[{"name":"wp","href":"https:\/\/api.w.org\/{rel}","templated":true}]}}