{"id":5698,"date":"2025-04-17T21:48:53","date_gmt":"2025-04-17T20:48:53","guid":{"rendered":"https:\/\/esperanto.pl\/?p=5698"},"modified":"2025-05-03T21:50:37","modified_gmt":"2025-05-03T20:50:37","slug":"pola-esperantisto-1-2025","status":"publish","type":"post","link":"https:\/\/esperanto.pl\/pl\/2025\/04\/17\/pola-esperantisto-1-2025","title":{"rendered":"Pola Esperantisto 1\/2025"},"content":{"rendered":"<p>Enhavo de P.E. 1-2025<br \/>\nRedaktoraj vortoj &#8230;&#8230;&#8230;&#8230;&#8230;&#8230;&#8230;&#8230;&#8230;&#8230;&#8230;&#8230;&#8230;&#8230;&#8230;&#8230;&#8230;&#8230;&#8230;&#8230;&#8230;&#8230;&#8230;&#8230;&#8230;&#8230;&#8230;&#8230;&#8230;&#8230;&#8230;&#8230;&#8230;&#8230;&#8230;&#8230;&#8230;&#8230;&#8230;&#8230;&#8230;&#8230;&#8230;.. 2<br \/>\nPEA-estraro informas<br \/>\nRobert Kami\u0144ski, 42-a Pola Esperanto-Kongreso \u2026\u2026\u2026\u2026\u2026\u2026\u2026\u2026\u2026\u2026\u2026\u2026\u2026\u2026\u2026\u2026\u2026.\u2026. 2<br \/>\nIrek Bobrzak, Barbara Pietrzak, Retradioj &#8230;&#8230;&#8230;&#8230;&#8230;&#8230;&#8230;&#8230;&#8230;&#8230;&#8230;&#8230;&#8230;&#8230;&#8230;&#8230;&#8230;&#8230;&#8230;&#8230;&#8230;&#8230;&#8230;&#8230;&#8230;&#8230;&#8230;. 2<br \/>\nSubtenu PEA per 1.5% de via imposto en la PIT-deklaro por 2024 \u2026\u2026\u2026\u2026\u2026\u2026\u2026\u2026&#8230; 3<br \/>\nEventoj<br \/>\nRuss Williams, La 38-a Arkones: La\u016ddire la lasta \u2026\u2026\u2026\u2026\u2026\u2026\u2026\u2026\u2026\u2026\u2026\u2026\u2026\u2026\u2026&#8230;\u2026\u2026\u2026 4<br \/>\nRobert Kami\u0144ski, Jubileo en bonega etoso \u2026\u2026\u2026\u2026\u2026\u2026\u2026\u2026\u2026\u2026\u2026\u2026\u2026\u2026\u2026\u2026\u2026\u2026\u2026\u2026\u2026\u2026.. 7<br \/>\nRobert Kaminski, GRUPE 26 &#8211; turisma kaj kultura \u2026\u2026\u2026\u2026\u2026\u2026\u2026\u2026\u2026\u2026\u2026\u2026\u2026\u2026\u2026\u2026\u2026.. 10<br \/>\nMaria Srogosz, Esperanto por neesperantistoj \u2026\u2026\u2026\u2026\u2026\u2026\u2026\u2026\u2026\u2026\u2026\u2026\u2026\u2026\u2026\u2026\u2026\u2026\u2026. 12<br \/>\nMojose<br \/>\nTEJO, Venu al Internacia Junulara Kongreso en Indonezio \u2026\u2026\u2026.\u2026&#8230;.\u2026\u2026\u2026\u2026\u2026&#8230;.\u2026. 12<br \/>\nRaportoj, rakontoj<br \/>\nMagdalena Tatara, Kio estas \u02baCanva\u02ba? \u2026\u2026\u2026\u2026\u2026\u2026\u2026\u2026\u2026\u2026\u2026\u2026\u2026\u2026\u2026\u2026\u2026\u2026\u2026\u2026\u2026..\u2026\u2026 13<br \/>\nRobert Kami\u0144ski, Kiel uzi Esperanto-signojn dum tajpado per komputilo \u2026\u2026\u2026.\u2026 15<br \/>\nRobert Kaminski, Esperantaj vortaroj en via sa\u011dtelefono \u2026\u2026\u2026\u2026\u2026\u2026\u2026\u2026\u2026\u2026\u2026\u2026.\u2026. 16<br \/>\nPaulina Jaworska, Intervjuo kun Michaela (unua parto) \u2026\u2026\u2026\u2026\u2026\u2026\u2026\u2026\u2026\u2026\u2026&#8230;\u2026\u2026. 18<br \/>\nMagdalena Tatara, Aleksandra Miros\u0142aw &#8211; unusola pola olimpika \u0109ampionino \u2026. 26<br \/>\nPri kio ni a\u016ddas<br \/>\nGazetaraj Komunikoj de UEA, Partoprenu UK-on: alvoko por volontuloj en Brno . 27<br \/>\nTeknikaj nova\u0135oj el la mondo<br \/>\nRobert Kami\u0144ski, Facticity.AI, a\u016d la mensogdetektilo de Interreto \u2026\u2026&#8230;&#8230;..\u2026\u2026\u2026\u2026. 28<br \/>\nVizitindaj lokoj<br \/>\nZofia \u015amistek, Krasnogruda kaj Czes\u0142aw Mi\u0142osz &#8230;&#8230;&#8230;&#8230;&#8230;&#8230;&#8230;&#8230;&#8230;&#8230;&#8230;&#8230;&#8230;&#8230;&#8230;&#8230;&#8230;&#8230;&#8230;&#8230;&#8230;&#8230;.. 29<br \/>\nHomoj<br \/>\nUEA, Forpasis Renato Corsetti (1941-2025), Honora Prezidanto de UEA \u2026..\u2026\u2026&#8230;. 33<br \/>\nLingvoscienca angulo<br \/>\nPlena Manlibro de Esperanta Gramatiko, Propraj nomoj \u2013 nomspecoj &#8230;&#8230;&#8230;&#8230;&#8230;&#8230;&#8230;&#8230; 34<br \/>\nLiteratura\u0135oj<br \/>\nJ\u00f3zef Cz\u0119\u015bcik, \u201cPensante ni esti\u011das\u201d &#8211; elektitaj maksimoj pri amo kaj libereco \u2026..\u2026 35<br \/>\nSa\u011daj pensoj<br \/>\nMaciej Jaskot, Pri maskoj \u2026\u2026\u2026\u2026\u2026\u2026\u2026\u2026\u2026\u2026\u2026\u2026\u2026\u2026\u2026\u2026\u2026\u2026\u2026\u2026\u2026\u2026\u2026\u2026\u2026\u2026\u2026\u2026..\u2026\u2026.. 36<br \/>\nLeterkesto<br \/>\nBert Schumann, La franca esperantista kastelo Greziljono invitas \u2026\u2026\u2026\u2026\u2026\u2026\u2026\u2026.. 38<br \/>\nLaura Brazzabeni, 91-a Itala Kongreso de Esperanto \u2026\u2026\u2026\u2026\u2026\u2026\u2026\u2026\u2026\u2026\u2026.\u2026\u2026\u2026.\u2026 38<br \/>\nIrek Bobrzak, Ka\u015di? Se vi \u015datas lin klaku! \u2026\u2026\u2026\u2026\u2026\u2026\u2026\u2026\u2026&#8230;&#8230;&#8230;&#8230;&#8230;&#8230;&#8230;&#8230;&#8230;&#8230;&#8230;&#8230;..\u2026&#8230;&#8230;.. 39<\/p>\n<p>A. Kakozwa, Asocio Nova Familio-Goma kaj orfejo Klara Zamenhof &#8230;&#8230;&#8230;&#8230;&#8230;&#8230;&#8230;&#8230;&#8230;. 39<br \/>\nKalendaro de Esperanto-aran\u011doj 40<br \/>\nDiverse, facile, bonguste,<br \/>\nBibingka &#8211; rizbongusta\u0135o el Filipinoj \u2026\u2026\u2026\u2026..\u2026\u2026\u2026\u2026&#8230;\u2026\u2026&#8230;&#8230;&#8230;&#8230;&#8230;&#8230;&#8230;&#8230;&#8230;&#8230;&#8230;.\u2026\u2026..\u2026.. 41<br \/>\nOni eldonis<br \/>\nJ\u00f3zef Cz\u0119\u015bcik, \u201cPensante ni esti\u011das\u201d &#8211; 555 maksimoj pri amo kaj aliaj valoroj \u2026.\u2026.. 43<br \/>\nForpasis<br \/>\nRenato Corsetii \u2026&#8230;&#8230;&#8230;&#8230;&#8230;&#8230;&#8230;&#8230;&#8230;&#8230;&#8230;&#8230;&#8230;&#8230;&#8230;&#8230;&#8230;&#8230;&#8230;&#8230;&#8230;&#8230;&#8230;&#8230;&#8230;&#8230;&#8230;&#8230;&#8230;&#8230;&#8230;&#8230;&#8230;&#8230;&#8230;&#8230;.\u2026\u2026\u2026\u2026&#8230;.. 44<br \/>\nEl la fotogalerio de Andrzej Sochacki<br \/>\nAndrzej Sochacki, 19-aj Artaj Konfrontoj en Esperanto \u201cARKONES\u201d \u2026&#8230;&#8230;&#8230;&#8230;&#8230;&#8230;.\u2026. 44<\/p>\n","protected":false},"excerpt":{"rendered":"<p>Enhavo de P.E. 1-2025 Redaktoraj vortoj &#8230;&#8230;&#8230;&#8230;&#8230;&#8230;&#8230;&#8230;&#8230;&#8230;&#8230;&#8230;&#8230;&#8230;&#8230;&#8230;&#8230;&#8230;&#8230;&#8230;&#8230;&#8230;&#8230;&#8230;&#8230;&#8230;&#8230;&#8230;&#8230;&#8230;&#8230;&#8230;&#8230;&#8230;&#8230;&#8230;&#8230;&#8230;&#8230;&#8230;&#8230;&#8230;&#8230;.. 2 PEA-estraro informas Robert Kami\u0144ski, 42-a Pola Esperanto-Kongreso<\/p>\n","protected":false},"author":1,"featured_media":5699,"comment_status":"closed","ping_status":"open","sticky":false,"template":"","format":"standard","meta":{"footnotes":""},"categories":[69],"tags":[],"class_list":["post-5698","post","type-post","status-publish","format-standard","has-post-thumbnail","hentry","category-pola-esperantisto"],"translation":{"provider":"WPGlobus","version":"3.0.1","language":"pl","enabled_languages":["eo","pl"],"languages":{"eo":{"title":true,"content":true,"excerpt":false},"pl":{"title":false,"content":false,"excerpt":false}}},"aioseo_notices":[],"_links":{"self":[{"href":"https:\/\/esperanto.pl\/pl\/wp-json\/wp\/v2\/posts\/5698","targetHints":{"allow":["GET"]}}],"collection":[{"href":"https:\/\/esperanto.pl\/pl\/wp-json\/wp\/v2\/posts"}],"about":[{"href":"https:\/\/esperanto.pl\/pl\/wp-json\/wp\/v2\/types\/post"}],"author":[{"embeddable":true,"href":"https:\/\/esperanto.pl\/pl\/wp-json\/wp\/v2\/users\/1"}],"replies":[{"embeddable":true,"href":"https:\/\/esperanto.pl\/pl\/wp-json\/wp\/v2\/comments?post=5698"}],"version-history":[{"count":2,"href":"https:\/\/esperanto.pl\/pl\/wp-json\/wp\/v2\/posts\/5698\/revisions"}],"predecessor-version":[{"id":5701,"href":"https:\/\/esperanto.pl\/pl\/wp-json\/wp\/v2\/posts\/5698\/revisions\/5701"}],"wp:featuredmedia":[{"embeddable":true,"href":"https:\/\/esperanto.pl\/pl\/wp-json\/wp\/v2\/media\/5699"}],"wp:attachment":[{"href":"https:\/\/esperanto.pl\/pl\/wp-json\/wp\/v2\/media?parent=5698"}],"wp:term":[{"taxonomy":"category","embeddable":true,"href":"https:\/\/esperanto.pl\/pl\/wp-json\/wp\/v2\/categories?post=5698"},{"taxonomy":"post_tag","embeddable":true,"href":"https:\/\/esperanto.pl\/pl\/wp-json\/wp\/v2\/tags?post=5698"}],"curies":[{"name":"wp","href":"https:\/\/api.w.org\/{rel}","templated":true}]}}